{"id":1,"date":"2020-05-17T13:26:41","date_gmt":"2020-05-17T13:26:41","guid":{"rendered":"http:\/?p=1"},"modified":"2020-09-04T11:41:43","modified_gmt":"2020-09-04T11:41:43","slug":"hercogistes-atspogulotaja","status":"publish","type":"post","link":"http:\/\/unesco.kuldiga.lv\/lv\/hercogistes-atspogulotaja\/","title":{"rendered":"Kuld\u012bga- Kurzemes &#8211; Zemgales hercogistes atspogu\u013cot\u0101ja"},"content":{"rendered":"\n<p>Kuld\u012bgas vecpils\u0113tas v\u0113rt\u012bbas jau ilgsto\u0161i tiek p\u0113t\u012btas, formul\u0113tas, p\u0101rvald\u012btas un gatavotas dokument\u0101li virz\u012bbai uz UNESCO pasaules kult\u016bras mantojuma sarakstu. \u0160is saraksts iek\u013cauj Pasaules unik\u0101l\u0101k\u0101s v\u0113rt\u012bbas dabas, kult\u016bras un to mijiedarb\u012bbas kontekst\u0101. S\u0101kotn\u0113j\u0101 ideja par Kuld\u012bgas vecpils\u0113tu k\u0101 UNESCO vietu radusies jau 1997. gad\u0101, t\u0101dej\u0101di visi saist\u012btie procesi ar Kuld\u012bgas vecpils\u0113tu, k\u0101 pasaules mantojuma da\u013cu, veidoti vair\u0101kus desmitus gadus, kas pla\u0161\u0101k\u0101 tv\u0113rum\u0101 pal\u012bdz\u0113jis veicin\u0101t un \u012bstenot Kuld\u012bgas vecpils\u0113tas saglab\u0101\u0161anu un saudz\u012bgu atjauno\u0161anu.<\/p>\n\n\n\n<p>Pa\u0161laik notiek nomin\u0101cijas dokument\u0101cijas izstr\u0101de, kas ir nosl\u0113dzo\u0161ais posms iek\u013c\u016b\u0161anai sarakst\u0101. Dokument\u0101cijas izstr\u0101d\u0113 veikta apm\u0113ram puse darba: pasaules kontekst\u0101 unik\u0101lo v\u0113r\u012bbu defin\u0113\u0161ana, kart\u0113\u0161ana, apkopo\u0161ana, sal\u012bdzino\u0161\u0101 anal\u012bze ar cit\u0101m Latvijas un Pasaules l\u012bdz\u012bg\u0101m viet\u0101m un nacion\u0101l\u0101 pieteikuma aktualiz\u0113\u0161ana.&nbsp; 2020. gads b\u016bs akt\u012bvs darba gads, lai veiktu p\u0101r\u0113jo: v\u0113rt\u012bbu un kopum\u0101 vecpils\u0113tas p\u0101rvald\u012bbas pl\u0101nu, realiz\u0113tu zin\u0101tnisko konferenci un publik\u0101ciju par hercogistes t\u0113mu, izveidotu nomin\u0101cijas failu, kas iek\u013cauj vietas, v\u0113rt\u012bbu, p\u0101rvald\u012bbas materi\u0101lu aprakstus un bag\u0101t\u012bgu vizu\u0101lo materi\u0101lu.<\/p>\n\n\n\n<p>Kuld\u012bgas vecpils\u0113tas Pasaules mantojuma unik\u0101l\u0101 v\u0113rt\u012bba, kas apspriesta diskusij\u0101s ar speci\u0101listiem viet\u0113j\u0101 un starptautisk\u0101 l\u012bmen\u012b, ir Kuld\u012bgas vecpils\u0113ta k\u0101 vislab\u0101k saglab\u0101t\u0101 un p\u0113d\u0113j\u0101 eksist\u0113jo\u0161\u0101 pils\u0113tvides liec\u012bba par Kurzemes un Zemgales hercogistes laikiem, kas atspogu\u013cojas dabas elementu, ielu un laukumu pl\u0101nojum\u0101 ar b\u016btiskiem saglab\u0101tiem hercogistes laika arhitekt\u016bras rakstura un infrastrukt\u016bras elementiem. Pla\u0161\u0101k\u0101 v\u0113sturisk\u0101 kontekst\u0101 &#8211; Kuld\u012bgas v\u0113sturiskais centrs ir taust\u0101ms apliecin\u0101jums mazas valsts, kas aizst\u0101v\u0113ja savas ties\u012bbas citu daudz liel\u0101ku varu starp\u0101 t\u0101 laika starptautiskaj\u0101 m\u0113rog\u0101, dz\u012bvei.<\/p>\n\n\n\n<p>Aicin\u0101m interesentus piedal\u012bties tuv\u0101kaj\u0101 saist\u012btaj\u0101 pas\u0101kum\u0101 &#8211; zin\u0101tnisk\u0101 konferenc\u0113, kas notiks 2.-3. apr\u012bl\u012b Kuld\u012bg\u0101 par nep\u0113t\u012btiem Kurzemes un Zemgales hercogistes un 16. \u2013 18. gadsimta Kuld\u012bgas v\u0113stures un kult\u016bras aspektiem Eiropas un pasaules kontekst\u0101.<\/p>\n\n\n\n<p>Viss vecpils\u0113tas p\u0101rvald\u012bbas process nav iedom\u0101jams un nedr\u012bkst notikt bez viet\u0113jo &#8211; Kuld\u012bdznieku &#8211; un ar\u012b p\u0101r\u0113j\u0101s Latvijas iedz\u012bvot\u0101ju un speci\u0101listu, instit\u016bciju iesaistes, t\u0101d\u0113\u013c paral\u0113li citiem aktu\u0101liem sabiedr\u012bbas iesaistes procesiem (vecpils\u0113tas lok\u0101pl\u0101nojums, atsevi\u0161\u0137as b\u016bvniec\u012bbas ieceres, p\u0101rvald\u012bbas pl\u0101ns u.c.) aicin\u0101m iedz\u012bvot\u0101jus akt\u012bvi iesaist\u012bties r\u012bkotaj\u0101s diskusij\u0101s, konferenc\u0113s, darba grup\u0101s un pas\u0101kumos, kas saist\u012bti ar Kuld\u012bgas vecpils\u0113tas saglab\u0101\u0161anu kopum\u0101, att\u012bst\u012bbu, k\u0101 ar\u012b ikdienas sadz\u012bvi un sv\u0113tku br\u012b\u017eiem.<\/p>\n\n\n\n<p>Lai mums kop\u0101 izdodas sasniegt Kuld\u012bgas iek\u013c\u016b\u0161anu UNESCO pasaules kult\u016bras mantojuma sarakst\u0101, kam \u0161is &#8211; 2020.gads ir nosl\u0113dzo\u0161ais darba gads pirms pieteikuma iesnieg\u0161anas un starptautisk\u0101s v\u0113rt\u0113\u0161anas uzs\u0101k\u0161anas!<\/p>\n","protected":false},"excerpt":{"rendered":"<p>Kuld\u012bgas vecpils\u0113tas v\u0113rt\u012bbas jau ilgsto\u0161i tiek p\u0113t\u012btas, formul\u0113tas, p\u0101rvald\u012btas un gatavotas dokument\u0101li virz\u012bbai uz UNESCO pasaules kult\u016bras mantojuma sarakstu. \u0160is saraksts iek\u013cauj Pasaules unik\u0101l\u0101k\u0101s v\u0113rt\u012bbas dabas, kult\u016bras un to mijiedarb\u012bbas kontekst\u0101. S\u0101kotn\u0113j\u0101 ideja par Kuld\u012bgas vecpils\u0113tu k\u0101 UNESCO vietu radusies jau 1997. gad\u0101, t\u0101dej\u0101di visi saist\u012btie procesi ar Kuld\u012bgas vecpils\u0113tu, &hellip;<\/p>\n","protected":false},"author":1,"featured_media":101,"comment_status":"open","ping_status":"open","sticky":false,"template":"","format":"standard","meta":{"footnotes":""},"categories":[9],"tags":[],"class_list":["post-1","post","type-post","status-publish","format-standard","has-post-thumbnail","hentry","category-populari"],"_links":{"self":[{"href":"http:\/\/unesco.kuldiga.lv\/lv\/wp-json\/wp\/v2\/posts\/1","targetHints":{"allow":["GET"]}}],"collection":[{"href":"http:\/\/unesco.kuldiga.lv\/lv\/wp-json\/wp\/v2\/posts"}],"about":[{"href":"http:\/\/unesco.kuldiga.lv\/lv\/wp-json\/wp\/v2\/types\/post"}],"author":[{"embeddable":true,"href":"http:\/\/unesco.kuldiga.lv\/lv\/wp-json\/wp\/v2\/users\/1"}],"replies":[{"embeddable":true,"href":"http:\/\/unesco.kuldiga.lv\/lv\/wp-json\/wp\/v2\/comments?post=1"}],"version-history":[{"count":1,"href":"http:\/\/unesco.kuldiga.lv\/lv\/wp-json\/wp\/v2\/posts\/1\/revisions"}],"predecessor-version":[{"id":117,"href":"http:\/\/unesco.kuldiga.lv\/lv\/wp-json\/wp\/v2\/posts\/1\/revisions\/117"}],"wp:featuredmedia":[{"embeddable":true,"href":"http:\/\/unesco.kuldiga.lv\/lv\/wp-json\/wp\/v2\/media\/101"}],"wp:attachment":[{"href":"http:\/\/unesco.kuldiga.lv\/lv\/wp-json\/wp\/v2\/media?parent=1"}],"wp:term":[{"taxonomy":"category","embeddable":true,"href":"http:\/\/unesco.kuldiga.lv\/lv\/wp-json\/wp\/v2\/categories?post=1"},{"taxonomy":"post_tag","embeddable":true,"href":"http:\/\/unesco.kuldiga.lv\/lv\/wp-json\/wp\/v2\/tags?post=1"}],"curies":[{"name":"wp","href":"https:\/\/api.w.org\/{rel}","templated":true}]}}